{"id":1059,"date":"2026-02-05T12:04:00","date_gmt":"2026-02-05T11:04:00","guid":{"rendered":"https:\/\/gruene-freising.de\/gol-attenkirchen\/?p=1059"},"modified":"2026-02-25T17:59:35","modified_gmt":"2026-02-25T16:59:35","slug":"vorstellung-im-gasthaus-ostermeier","status":"publish","type":"post","link":"https:\/\/gruene-freising.de\/gol-attenkirchen\/vorstellung-im-gasthaus-ostermeier\/","title":{"rendered":"Vorstellung im Gasthaus Ostermeier"},"content":{"rendered":"\n<p>Danke f\u00fcr euren Besuch bei unserer Vorstellung im Gasthof Ostermeier am 5. Februar 2026. Es war toll, mit euch eine so rege Diskussion zu f\u00fchren mit vielen Impulsen f\u00fcr die Kommunalpolitik im sch\u00f6nen Attenkirchen. <\/p>\n\n\n\n<div class=\"wp-block-columns is-layout-flex wp-container-core-columns-is-layout-9d6595d7 wp-block-columns-is-layout-flex\">\n<div class=\"wp-block-column is-layout-flow wp-block-column-is-layout-flow\">\n<figure class=\"wp-block-image size-large\"><img loading=\"lazy\" decoding=\"async\" width=\"1024\" height=\"768\" src=\"https:\/\/gruene-freising.de\/gol-attenkirchen\/wp-content\/uploads\/sites\/17\/2026\/02\/IMG_0071-1024x768.jpeg\" alt=\"\" class=\"wp-image-1060\" srcset=\"https:\/\/gruene-freising.de\/gol-attenkirchen\/wp-content\/uploads\/sites\/17\/2026\/02\/IMG_0071-1024x768.jpeg 1024w, https:\/\/gruene-freising.de\/gol-attenkirchen\/wp-content\/uploads\/sites\/17\/2026\/02\/IMG_0071-300x225.jpeg 300w, https:\/\/gruene-freising.de\/gol-attenkirchen\/wp-content\/uploads\/sites\/17\/2026\/02\/IMG_0071-768x576.jpeg 768w, https:\/\/gruene-freising.de\/gol-attenkirchen\/wp-content\/uploads\/sites\/17\/2026\/02\/IMG_0071-1536x1152.jpeg 1536w, https:\/\/gruene-freising.de\/gol-attenkirchen\/wp-content\/uploads\/sites\/17\/2026\/02\/IMG_0071-2048x1536.jpeg 2048w\" sizes=\"auto, (max-width: 1024px) 100vw, 1024px\" \/><\/figure>\n\n\n\n<figure class=\"wp-block-image size-large\"><img loading=\"lazy\" decoding=\"async\" width=\"1024\" height=\"768\" src=\"https:\/\/gruene-freising.de\/gol-attenkirchen\/wp-content\/uploads\/sites\/17\/2026\/02\/IMG_0072-1024x768.jpeg\" alt=\"\" class=\"wp-image-1067\" srcset=\"https:\/\/gruene-freising.de\/gol-attenkirchen\/wp-content\/uploads\/sites\/17\/2026\/02\/IMG_0072-1024x768.jpeg 1024w, https:\/\/gruene-freising.de\/gol-attenkirchen\/wp-content\/uploads\/sites\/17\/2026\/02\/IMG_0072-300x225.jpeg 300w, https:\/\/gruene-freising.de\/gol-attenkirchen\/wp-content\/uploads\/sites\/17\/2026\/02\/IMG_0072-768x576.jpeg 768w, https:\/\/gruene-freising.de\/gol-attenkirchen\/wp-content\/uploads\/sites\/17\/2026\/02\/IMG_0072-1536x1152.jpeg 1536w, https:\/\/gruene-freising.de\/gol-attenkirchen\/wp-content\/uploads\/sites\/17\/2026\/02\/IMG_0072-2048x1536.jpeg 2048w\" sizes=\"auto, (max-width: 1024px) 100vw, 1024px\" \/><\/figure>\n<\/div>\n\n\n\n<div class=\"wp-block-column is-layout-flow wp-block-column-is-layout-flow\">\n<figure class=\"wp-block-image size-large\"><img loading=\"lazy\" decoding=\"async\" width=\"819\" height=\"1024\" src=\"https:\/\/gruene-freising.de\/gol-attenkirchen\/wp-content\/uploads\/sites\/17\/2026\/02\/9997da9f-6678-4ad6-a66c-2b353819b149-819x1024.jpeg\" alt=\"\" class=\"wp-image-1063\" srcset=\"https:\/\/gruene-freising.de\/gol-attenkirchen\/wp-content\/uploads\/sites\/17\/2026\/02\/9997da9f-6678-4ad6-a66c-2b353819b149-819x1024.jpeg 819w, https:\/\/gruene-freising.de\/gol-attenkirchen\/wp-content\/uploads\/sites\/17\/2026\/02\/9997da9f-6678-4ad6-a66c-2b353819b149-240x300.jpeg 240w, https:\/\/gruene-freising.de\/gol-attenkirchen\/wp-content\/uploads\/sites\/17\/2026\/02\/9997da9f-6678-4ad6-a66c-2b353819b149-768x960.jpeg 768w, https:\/\/gruene-freising.de\/gol-attenkirchen\/wp-content\/uploads\/sites\/17\/2026\/02\/9997da9f-6678-4ad6-a66c-2b353819b149.jpeg 1080w\" sizes=\"auto, (max-width: 819px) 100vw, 819px\" \/><\/figure>\n<\/div>\n<\/div>\n","protected":false},"excerpt":{"rendered":"<p>Danke f\u00fcr euren Besuch bei unserer Vorstellung im Gasthof Ostermeier am 5. Februar 2026. Es war toll, mit euch eine so rege Diskussion zu f\u00fchren mit vielen Impulsen f\u00fcr die [&hellip;]<\/p>\n","protected":false},"author":31,"featured_media":0,"comment_status":"closed","ping_status":"closed","sticky":false,"template":"","format":"standard","meta":{"_jetpack_memberships_contains_paid_content":false,"footnotes":""},"categories":[1],"tags":[16,17,18,19],"class_list":["post-1059","post","type-post","status-publish","format-standard","hentry","category-allgemein","tag-attenkirchen","tag-gol-attenkirchen","tag-immer-einen-schritt-voraus","tag-kommunalwahl-2026"],"jetpack_featured_media_url":"","jetpack_sharing_enabled":true,"_links":{"self":[{"href":"https:\/\/gruene-freising.de\/gol-attenkirchen\/wp-json\/wp\/v2\/posts\/1059","targetHints":{"allow":["GET"]}}],"collection":[{"href":"https:\/\/gruene-freising.de\/gol-attenkirchen\/wp-json\/wp\/v2\/posts"}],"about":[{"href":"https:\/\/gruene-freising.de\/gol-attenkirchen\/wp-json\/wp\/v2\/types\/post"}],"author":[{"embeddable":true,"href":"https:\/\/gruene-freising.de\/gol-attenkirchen\/wp-json\/wp\/v2\/users\/31"}],"replies":[{"embeddable":true,"href":"https:\/\/gruene-freising.de\/gol-attenkirchen\/wp-json\/wp\/v2\/comments?post=1059"}],"version-history":[{"count":4,"href":"https:\/\/gruene-freising.de\/gol-attenkirchen\/wp-json\/wp\/v2\/posts\/1059\/revisions"}],"predecessor-version":[{"id":1081,"href":"https:\/\/gruene-freising.de\/gol-attenkirchen\/wp-json\/wp\/v2\/posts\/1059\/revisions\/1081"}],"wp:attachment":[{"href":"https:\/\/gruene-freising.de\/gol-attenkirchen\/wp-json\/wp\/v2\/media?parent=1059"}],"wp:term":[{"taxonomy":"category","embeddable":true,"href":"https:\/\/gruene-freising.de\/gol-attenkirchen\/wp-json\/wp\/v2\/categories?post=1059"},{"taxonomy":"post_tag","embeddable":true,"href":"https:\/\/gruene-freising.de\/gol-attenkirchen\/wp-json\/wp\/v2\/tags?post=1059"}],"curies":[{"name":"wp","href":"https:\/\/api.w.org\/{rel}","templated":true}]}}