{"id":1079,"date":"2026-02-24T17:51:00","date_gmt":"2026-02-24T16:51:00","guid":{"rendered":"https:\/\/gruene-freising.de\/gol-attenkirchen\/?p=1079"},"modified":"2026-02-25T18:00:21","modified_gmt":"2026-02-25T17:00:21","slug":"vorstellung-im-sportheim","status":"publish","type":"post","link":"https:\/\/gruene-freising.de\/gol-attenkirchen\/vorstellung-im-sportheim\/","title":{"rendered":"Vorstellung im Sportheim"},"content":{"rendered":"\n<p>Vielen Dank allen Anwesenden f\u00fcr den regen Austausch im kleinen Kreis. Neben unseren Kandidatinnen und Kandidaten f\u00fcr die Gemeinderatsliste Attenkirchen waren auch G\u00e4ste der Gruppierung WIR sowie als pers\u00f6nliche G\u00e4ste der Landratskandidat der Gr\u00fcnen Stephan Griebel aus Zolling sowie Mathias Kern, der B\u00fcrgermeisterkandidat f\u00fcr Attenkirchen, den auch unsere Gruppierung unterst\u00fctzt.<\/p>\n\n\n\n<p>Danke auch f\u00fcr die anregenden pers\u00f6nlichen Gespr\u00e4che im Nachgang zur Vorstellung.<\/p>\n\n\n\n<p><\/p>\n\n\n\n<figure class=\"wp-block-image size-full\"><img loading=\"lazy\" decoding=\"async\" width=\"640\" height=\"480\" src=\"https:\/\/gruene-freising.de\/gol-attenkirchen\/wp-content\/uploads\/sites\/17\/2026\/02\/IMG_0222.jpeg\" alt=\"\" class=\"wp-image-1082\" srcset=\"https:\/\/gruene-freising.de\/gol-attenkirchen\/wp-content\/uploads\/sites\/17\/2026\/02\/IMG_0222.jpeg 640w, https:\/\/gruene-freising.de\/gol-attenkirchen\/wp-content\/uploads\/sites\/17\/2026\/02\/IMG_0222-300x225.jpeg 300w\" sizes=\"auto, (max-width: 640px) 100vw, 640px\" \/><\/figure>\n","protected":false},"excerpt":{"rendered":"<p>Vielen Dank allen Anwesenden f\u00fcr den regen Austausch im kleinen Kreis. Neben unseren Kandidatinnen und Kandidaten f\u00fcr die Gemeinderatsliste Attenkirchen waren auch G\u00e4ste der Gruppierung WIR sowie als pers\u00f6nliche G\u00e4ste [&hellip;]<\/p>\n","protected":false},"author":31,"featured_media":0,"comment_status":"closed","ping_status":"closed","sticky":false,"template":"","format":"standard","meta":{"_jetpack_memberships_contains_paid_content":false,"footnotes":""},"categories":[1],"tags":[16,17,18,19],"class_list":["post-1079","post","type-post","status-publish","format-standard","hentry","category-allgemein","tag-attenkirchen","tag-gol-attenkirchen","tag-immer-einen-schritt-voraus","tag-kommunalwahl-2026"],"jetpack_featured_media_url":"","jetpack_sharing_enabled":true,"_links":{"self":[{"href":"https:\/\/gruene-freising.de\/gol-attenkirchen\/wp-json\/wp\/v2\/posts\/1079","targetHints":{"allow":["GET"]}}],"collection":[{"href":"https:\/\/gruene-freising.de\/gol-attenkirchen\/wp-json\/wp\/v2\/posts"}],"about":[{"href":"https:\/\/gruene-freising.de\/gol-attenkirchen\/wp-json\/wp\/v2\/types\/post"}],"author":[{"embeddable":true,"href":"https:\/\/gruene-freising.de\/gol-attenkirchen\/wp-json\/wp\/v2\/users\/31"}],"replies":[{"embeddable":true,"href":"https:\/\/gruene-freising.de\/gol-attenkirchen\/wp-json\/wp\/v2\/comments?post=1079"}],"version-history":[{"count":2,"href":"https:\/\/gruene-freising.de\/gol-attenkirchen\/wp-json\/wp\/v2\/posts\/1079\/revisions"}],"predecessor-version":[{"id":1083,"href":"https:\/\/gruene-freising.de\/gol-attenkirchen\/wp-json\/wp\/v2\/posts\/1079\/revisions\/1083"}],"wp:attachment":[{"href":"https:\/\/gruene-freising.de\/gol-attenkirchen\/wp-json\/wp\/v2\/media?parent=1079"}],"wp:term":[{"taxonomy":"category","embeddable":true,"href":"https:\/\/gruene-freising.de\/gol-attenkirchen\/wp-json\/wp\/v2\/categories?post=1079"},{"taxonomy":"post_tag","embeddable":true,"href":"https:\/\/gruene-freising.de\/gol-attenkirchen\/wp-json\/wp\/v2\/tags?post=1079"}],"curies":[{"name":"wp","href":"https:\/\/api.w.org\/{rel}","templated":true}]}}