{"id":1099,"date":"2026-03-05T21:46:00","date_gmt":"2026-03-05T20:46:00","guid":{"rendered":"https:\/\/gruene-freising.de\/gol-attenkirchen\/?p=1099"},"modified":"2026-03-07T18:52:45","modified_gmt":"2026-03-07T17:52:45","slug":"finale","status":"publish","type":"post","link":"https:\/\/gruene-freising.de\/gol-attenkirchen\/finale\/","title":{"rendered":"FINALE"},"content":{"rendered":"\n<p>Am Donnerstag, den 05.03.2026 beendeten wir den Wahlkampf mit einer anderen Art der Kandidaten-Vorstellung. Wir kamen mit den G\u00e4sten einfach an Stehtischen ins Gespr\u00e4ch, ganz ohne stundenlanger Frontal-Vorstellung. Gegen 20:00 Uhr lie\u00dfen wir mit Musik von DJ Martin den Abend ausklingen.<\/p>\n\n\n\n<p>Danke, dass so viele G\u00e4ste auch von den anderen Gruppierungen da waren! Wir sehen uns am Sonntag um 18:00 Uhr bei der Wahlparty in Tonis Grillhaus (ehemaliger Spitzauer) zusammen mir der Gruppierung WIR.<\/p>\n\n\n\n<div class=\"wp-block-columns is-layout-flex wp-container-core-columns-is-layout-9d6595d7 wp-block-columns-is-layout-flex\">\n<div class=\"wp-block-column is-layout-flow wp-block-column-is-layout-flow\">\n<figure class=\"wp-block-image size-full\"><img loading=\"lazy\" decoding=\"async\" width=\"640\" height=\"480\" src=\"https:\/\/gruene-freising.de\/gol-attenkirchen\/wp-content\/uploads\/sites\/17\/2026\/03\/IMG_0334.jpeg\" alt=\"\" class=\"wp-image-1100\" srcset=\"https:\/\/gruene-freising.de\/gol-attenkirchen\/wp-content\/uploads\/sites\/17\/2026\/03\/IMG_0334.jpeg 640w, https:\/\/gruene-freising.de\/gol-attenkirchen\/wp-content\/uploads\/sites\/17\/2026\/03\/IMG_0334-300x225.jpeg 300w\" sizes=\"auto, (max-width: 640px) 100vw, 640px\" \/><\/figure>\n\n\n\n<figure class=\"wp-block-image size-full\"><img loading=\"lazy\" decoding=\"async\" width=\"512\" height=\"640\" src=\"https:\/\/gruene-freising.de\/gol-attenkirchen\/wp-content\/uploads\/sites\/17\/2026\/03\/bdb17c4a-c217-42a5-8307-71cf52d6d2e1.jpeg\" alt=\"\" class=\"wp-image-1102\" srcset=\"https:\/\/gruene-freising.de\/gol-attenkirchen\/wp-content\/uploads\/sites\/17\/2026\/03\/bdb17c4a-c217-42a5-8307-71cf52d6d2e1.jpeg 512w, https:\/\/gruene-freising.de\/gol-attenkirchen\/wp-content\/uploads\/sites\/17\/2026\/03\/bdb17c4a-c217-42a5-8307-71cf52d6d2e1-240x300.jpeg 240w\" sizes=\"auto, (max-width: 512px) 100vw, 512px\" \/><\/figure>\n<\/div>\n\n\n\n<div class=\"wp-block-column is-layout-flow wp-block-column-is-layout-flow\">\n<figure class=\"wp-block-image size-full\"><img loading=\"lazy\" decoding=\"async\" width=\"480\" height=\"640\" src=\"https:\/\/gruene-freising.de\/gol-attenkirchen\/wp-content\/uploads\/sites\/17\/2026\/03\/IMG_0335.jpeg\" alt=\"\" class=\"wp-image-1101\" srcset=\"https:\/\/gruene-freising.de\/gol-attenkirchen\/wp-content\/uploads\/sites\/17\/2026\/03\/IMG_0335.jpeg 480w, https:\/\/gruene-freising.de\/gol-attenkirchen\/wp-content\/uploads\/sites\/17\/2026\/03\/IMG_0335-225x300.jpeg 225w\" sizes=\"auto, (max-width: 480px) 100vw, 480px\" \/><\/figure>\n<\/div>\n<\/div>\n\n\n\n<p> <\/p>\n","protected":false},"excerpt":{"rendered":"<p>Am Donnerstag, den 05.03.2026 beendeten wir den Wahlkampf mit einer anderen Art der Kandidaten-Vorstellung. Wir kamen mit den G\u00e4sten einfach an Stehtischen ins Gespr\u00e4ch, ganz ohne stundenlanger Frontal-Vorstellung. Gegen 20:00 [&hellip;]<\/p>\n","protected":false},"author":31,"featured_media":0,"comment_status":"closed","ping_status":"closed","sticky":false,"template":"","format":"standard","meta":{"_jetpack_memberships_contains_paid_content":false,"footnotes":""},"categories":[1],"tags":[16,17,18,19],"class_list":["post-1099","post","type-post","status-publish","format-standard","hentry","category-allgemein","tag-attenkirchen","tag-gol-attenkirchen","tag-immer-einen-schritt-voraus","tag-kommunalwahl-2026"],"jetpack_featured_media_url":"","jetpack_sharing_enabled":true,"_links":{"self":[{"href":"https:\/\/gruene-freising.de\/gol-attenkirchen\/wp-json\/wp\/v2\/posts\/1099","targetHints":{"allow":["GET"]}}],"collection":[{"href":"https:\/\/gruene-freising.de\/gol-attenkirchen\/wp-json\/wp\/v2\/posts"}],"about":[{"href":"https:\/\/gruene-freising.de\/gol-attenkirchen\/wp-json\/wp\/v2\/types\/post"}],"author":[{"embeddable":true,"href":"https:\/\/gruene-freising.de\/gol-attenkirchen\/wp-json\/wp\/v2\/users\/31"}],"replies":[{"embeddable":true,"href":"https:\/\/gruene-freising.de\/gol-attenkirchen\/wp-json\/wp\/v2\/comments?post=1099"}],"version-history":[{"count":1,"href":"https:\/\/gruene-freising.de\/gol-attenkirchen\/wp-json\/wp\/v2\/posts\/1099\/revisions"}],"predecessor-version":[{"id":1103,"href":"https:\/\/gruene-freising.de\/gol-attenkirchen\/wp-json\/wp\/v2\/posts\/1099\/revisions\/1103"}],"wp:attachment":[{"href":"https:\/\/gruene-freising.de\/gol-attenkirchen\/wp-json\/wp\/v2\/media?parent=1099"}],"wp:term":[{"taxonomy":"category","embeddable":true,"href":"https:\/\/gruene-freising.de\/gol-attenkirchen\/wp-json\/wp\/v2\/categories?post=1099"},{"taxonomy":"post_tag","embeddable":true,"href":"https:\/\/gruene-freising.de\/gol-attenkirchen\/wp-json\/wp\/v2\/tags?post=1099"}],"curies":[{"name":"wp","href":"https:\/\/api.w.org\/{rel}","templated":true}]}}