{"id":1119,"date":"2026-03-12T20:48:51","date_gmt":"2026-03-12T19:48:51","guid":{"rendered":"https:\/\/gruene-freising.de\/gol-attenkirchen\/?p=1119"},"modified":"2026-03-12T20:48:52","modified_gmt":"2026-03-12T19:48:52","slug":"wahlergebnis-2026","status":"publish","type":"post","link":"https:\/\/gruene-freising.de\/gol-attenkirchen\/wahlergebnis-2026\/","title":{"rendered":"Wahlergebnis 2026"},"content":{"rendered":"\n<div class=\"wp-block-columns is-layout-flex wp-container-core-columns-is-layout-9d6595d7 wp-block-columns-is-layout-flex\">\n<div class=\"wp-block-column is-layout-flow wp-block-column-is-layout-flow\" style=\"flex-basis:33.33%\">\n<figure class=\"wp-block-image size-full\"><img loading=\"lazy\" decoding=\"async\" width=\"480\" height=\"640\" src=\"https:\/\/gruene-freising.de\/gol-attenkirchen\/wp-content\/uploads\/sites\/17\/2026\/03\/Primeln_und_Krokus-rotated.jpeg\" alt=\"\" class=\"wp-image-1120\" srcset=\"https:\/\/gruene-freising.de\/gol-attenkirchen\/wp-content\/uploads\/sites\/17\/2026\/03\/Primeln_und_Krokus-rotated.jpeg 480w, https:\/\/gruene-freising.de\/gol-attenkirchen\/wp-content\/uploads\/sites\/17\/2026\/03\/Primeln_und_Krokus-225x300.jpeg 225w\" sizes=\"auto, (max-width: 480px) 100vw, 480px\" \/><\/figure>\n<\/div>\n\n\n\n<div class=\"wp-block-column is-layout-flow wp-block-column-is-layout-flow\" style=\"flex-basis:66.66%\">\n<p>Vielen lieben Dank f\u00fcr eure Stimmen und euer Vertrauen. Dank euch konnten wir erneut zwei Sitze im Gemeinderat Attenkirchen erzielen. Wir sind sehr gl\u00fccklich \u00fcber diesen Erfolg.<\/p>\n\n\n\n<p>Ab der <a href=\"https:\/\/gruene-freising.de\/gol-attenkirchen\/termine\/konstituierende-gemeinderatssitzung\/\" data-type=\"sunflower_event\" data-id=\"1108\">konstituierenden Sitzung<\/a> werden unsere Mitglieder <a href=\"https:\/\/gruene-freising.de\/gol-attenkirchen\/conny-vujkov-geb-scherer\/\" data-type=\"page\" data-id=\"759\">Conny Vujkov<\/a> und <a href=\"https:\/\/gruene-freising.de\/gol-attenkirchen\/dr-walter-schlott\/\" data-type=\"page\" data-id=\"757\">Walter Schlott<\/a> unsere Ziele und Ideale f\u00fcr das Wohl Attenkirchens in den Gemeinderat einbringen.<\/p>\n\n\n\n<p>Wir danken an dieser Stelle <a href=\"https:\/\/gruene-freising.de\/gol-attenkirchen\/thilo-mittag\/\" data-type=\"page\" data-id=\"766\">Thilo Mittag<\/a> f\u00fcr seine aufopferungsvolle Arbeit f\u00fcr die Gemeinde Attenkirchen. Er wird leider nicht mehr Teil des Gremiums sein. <\/p>\n\n\n\n<p>Gerne h\u00e4tten wir noch ein oder zwei Ratsmitglieder mehr gestellt. Dies haben wir leider nicht erreicht. Aber in sechs Jahren werden wir dieses Ziel erneut anstreben.<\/p>\n\n\n\n<p>Wir freuen uns auf die kommenden sechs Jahre im Dienste der Gemeinde Attenkirchen. Kommt gerne mit Anregungen auf uns zu. Sprecht uns an oder schreibt uns \u00fcber das <a href=\"https:\/\/gruene-freising.de\/gol-attenkirchen\/kontakt\/\" data-type=\"page\" data-id=\"567\">Kontaktformular<\/a>. <\/p>\n\n\n\n<p>Mit einer starken Gruppierung als Unterst\u00fctzung f\u00fcr unsere zwei zuk\u00fcnftigen Gemeinderatsmitglieder werden wir sicherlich wertvolle und sinnstiftende Beitr\u00e4ge in die Gemeindepolitik einbringen.<\/p>\n\n\n\n<p>Das <a href=\"https:\/\/wahlen.vg-zolling.de\/2026\/gr\/ergebnisse_gemeinde_09178115.html\" target=\"_blank\" rel=\"noreferrer noopener\">Wahlergebnis<\/a> findet ihr auf den Seiten der <a href=\"https:\/\/wahlen.vg-zolling.de\/2026\/gr\/ergebnisse_gemeinde_09178115.html\">VG-Zolling<\/a>.<\/p>\n<\/div>\n<\/div>\n\n\n\n<p><\/p>\n","protected":false},"excerpt":{"rendered":"<p>Vielen lieben Dank f\u00fcr eure Stimmen und euer Vertrauen. Dank euch konnten wir erneut zwei Sitze im Gemeinderat Attenkirchen erzielen. Wir sind sehr gl\u00fccklich \u00fcber diesen Erfolg. Ab der konstituierenden [&hellip;]<\/p>\n","protected":false},"author":31,"featured_media":0,"comment_status":"closed","ping_status":"closed","sticky":false,"template":"","format":"standard","meta":{"_jetpack_memberships_contains_paid_content":false,"footnotes":""},"categories":[1],"tags":[],"class_list":["post-1119","post","type-post","status-publish","format-standard","hentry","category-allgemein"],"jetpack_featured_media_url":"","jetpack_sharing_enabled":true,"_links":{"self":[{"href":"https:\/\/gruene-freising.de\/gol-attenkirchen\/wp-json\/wp\/v2\/posts\/1119","targetHints":{"allow":["GET"]}}],"collection":[{"href":"https:\/\/gruene-freising.de\/gol-attenkirchen\/wp-json\/wp\/v2\/posts"}],"about":[{"href":"https:\/\/gruene-freising.de\/gol-attenkirchen\/wp-json\/wp\/v2\/types\/post"}],"author":[{"embeddable":true,"href":"https:\/\/gruene-freising.de\/gol-attenkirchen\/wp-json\/wp\/v2\/users\/31"}],"replies":[{"embeddable":true,"href":"https:\/\/gruene-freising.de\/gol-attenkirchen\/wp-json\/wp\/v2\/comments?post=1119"}],"version-history":[{"count":1,"href":"https:\/\/gruene-freising.de\/gol-attenkirchen\/wp-json\/wp\/v2\/posts\/1119\/revisions"}],"predecessor-version":[{"id":1121,"href":"https:\/\/gruene-freising.de\/gol-attenkirchen\/wp-json\/wp\/v2\/posts\/1119\/revisions\/1121"}],"wp:attachment":[{"href":"https:\/\/gruene-freising.de\/gol-attenkirchen\/wp-json\/wp\/v2\/media?parent=1119"}],"wp:term":[{"taxonomy":"category","embeddable":true,"href":"https:\/\/gruene-freising.de\/gol-attenkirchen\/wp-json\/wp\/v2\/categories?post=1119"},{"taxonomy":"post_tag","embeddable":true,"href":"https:\/\/gruene-freising.de\/gol-attenkirchen\/wp-json\/wp\/v2\/tags?post=1119"}],"curies":[{"name":"wp","href":"https:\/\/api.w.org\/{rel}","templated":true}]}}